{"id":697,"date":"2023-08-31T03:22:48","date_gmt":"2023-08-31T03:22:48","guid":{"rendered":"https:\/\/9segundos.com\/?p=697"},"modified":"2023-08-31T03:22:48","modified_gmt":"2023-08-31T03:22:48","slug":"superluna-azul-las-espectaculares-imagenes-del-raro-fenomeno-que-no-se-repetira-hasta-2037","status":"publish","type":"post","link":"https:\/\/9segundos.com\/?p=697","title":{"rendered":"Superluna azul: las espectaculares im\u00e1genes del raro fen\u00f3meno que no se repetir\u00e1 hasta 2037."},"content":{"rendered":"\n<p>Los fan\u00e1ticos de observar el cielo nocturno se encontrar\u00e1n con un regalo poco com\u00fan este mi\u00e9rcoles y jueves: podr\u00e1n ver una superluna azul, fen\u00f3meno que no ocurre desde 2009.<\/p>\n\n\n\n<p>\u201cLuna azul\u201d es el t\u00e9rmino usado cuando vemos la Luna llena&nbsp;<strong>dos veces&nbsp;<\/strong>en un mismo mes.<\/p>\n\n\n\n<p>Esta Luna azul tambi\u00e9n es una superluna, cuando el \u00fanico sat\u00e9lite natural de la Tierra<strong>&nbsp;parece m\u00e1s brillante de lo habitual&nbsp;<\/strong>porque se encuentra en su punto m\u00e1s cercano de su \u00f3rbita alrededor de nuestro planeta.<\/p>\n\n\n\n<p>Pero a pesar de su nombre, el fen\u00f3meno lunar&nbsp;<strong>no tiene nada que ver con el color<\/strong>: se le llama as\u00ed porque no entra en el esquema habitual de lunas con nombre.<\/p>\n\n\n\n<p>El espect\u00e1culo lunar ser\u00e1 visible el mi\u00e9rcoles o el jueves en diferentes partes del mundo, dependiendo de la localizaci\u00f3n.<\/p>\n\n\n\n<p><strong><em>Fuente: <\/em><\/strong><em>https:\/\/www.bbc.com\/mundo\/articles\/cjk2rlyen7ro<\/em><\/p>\n\n\n\n<p><strong><em>Imagen: <\/em><\/strong><em>REUTERS<\/em><\/p>\n","protected":false},"excerpt":{"rendered":"<p>Los fan\u00e1ticos de observar el cielo nocturno se encontrar\u00e1n con un regalo poco com\u00fan este mi\u00e9rcoles y jueves: podr\u00e1n ver una superluna azul, fen\u00f3meno que no ocurre desde 2009. \u201cLuna azul\u201d es el t\u00e9rmino usado cuando vemos la Luna llena&nbsp;dos veces&nbsp;en un mismo mes. Esta Luna azul tambi\u00e9n es una superluna, cuando el \u00fanico sat\u00e9lite [&hellip;]<\/p>\n","protected":false},"author":3,"featured_media":698,"comment_status":"closed","ping_status":"closed","sticky":false,"template":"","format":"standard","meta":{"footnotes":""},"categories":[8],"tags":[],"class_list":["post-697","post","type-post","status-publish","format-standard","has-post-thumbnail","hentry","category-mundo"],"_links":{"self":[{"href":"https:\/\/9segundos.com\/index.php?rest_route=\/wp\/v2\/posts\/697","targetHints":{"allow":["GET"]}}],"collection":[{"href":"https:\/\/9segundos.com\/index.php?rest_route=\/wp\/v2\/posts"}],"about":[{"href":"https:\/\/9segundos.com\/index.php?rest_route=\/wp\/v2\/types\/post"}],"author":[{"embeddable":true,"href":"https:\/\/9segundos.com\/index.php?rest_route=\/wp\/v2\/users\/3"}],"replies":[{"embeddable":true,"href":"https:\/\/9segundos.com\/index.php?rest_route=%2Fwp%2Fv2%2Fcomments&post=697"}],"version-history":[{"count":1,"href":"https:\/\/9segundos.com\/index.php?rest_route=\/wp\/v2\/posts\/697\/revisions"}],"predecessor-version":[{"id":699,"href":"https:\/\/9segundos.com\/index.php?rest_route=\/wp\/v2\/posts\/697\/revisions\/699"}],"wp:featuredmedia":[{"embeddable":true,"href":"https:\/\/9segundos.com\/index.php?rest_route=\/wp\/v2\/media\/698"}],"wp:attachment":[{"href":"https:\/\/9segundos.com\/index.php?rest_route=%2Fwp%2Fv2%2Fmedia&parent=697"}],"wp:term":[{"taxonomy":"category","embeddable":true,"href":"https:\/\/9segundos.com\/index.php?rest_route=%2Fwp%2Fv2%2Fcategories&post=697"},{"taxonomy":"post_tag","embeddable":true,"href":"https:\/\/9segundos.com\/index.php?rest_route=%2Fwp%2Fv2%2Ftags&post=697"}],"curies":[{"name":"wp","href":"https:\/\/api.w.org\/{rel}","templated":true}]}}