{"id":653,"date":"2023-08-24T00:53:19","date_gmt":"2023-08-24T00:53:19","guid":{"rendered":"https:\/\/9segundos.com\/?p=653"},"modified":"2023-08-24T00:53:19","modified_gmt":"2023-08-24T00:53:19","slug":"hallan-cuerpo-en-lago-de-canada-seria-del-mexicano-desaparecido","status":"publish","type":"post","link":"https:\/\/9segundos.com\/?p=653","title":{"rendered":"Hallan Cuerpo en Lago de Canad\u00e1; Ser\u00eda del Mexicano Desaparecido."},"content":{"rendered":"\n<p>El cuerpo estar\u00eda en avanzado estado de descomposici\u00f3n, pero una de las prendas coincidir\u00eda con lo que usaba el mexicano antes de desaparecer<\/p>\n\n\n\n<p>Autoridades de&nbsp;<strong>Canad\u00e1<\/strong>&nbsp;encontraron un cuerpo que podr\u00eda ser el de&nbsp;<strong>Carlos Tom\u00e1s Aranda,<\/strong>&nbsp;el mexicano desaparecido desde el pasado 7 de julio en&nbsp;<strong>Osoyoos.&nbsp;<\/strong><\/p>\n\n\n\n<p>En un comunicado, la familia del joven oaxaque\u00f1o se\u00f1al\u00f3 que este martes 22 de agosto, un representante de la real&nbsp;<strong>Polic\u00eda Montada de Canad\u00e1<\/strong>&nbsp;(RCMP, por sus siglas en ingl\u00e9s) se puso en contacto con la familia para enterarlos sobre el hallazgo de una persona sin vida en aguas del lago de dicha regi\u00f3n.<\/p>\n\n\n\n<p>El cuerpo tendr\u00eda ciertas caracter\u00edsticas que se podr\u00edan asemejar a las del&nbsp;oaxaque\u00f1o de 30 a\u00f1os.<\/p>\n\n\n\n<p>\u00abLa informaci\u00f3n se transmiti\u00f3 en una breve conversaci\u00f3n telef\u00f3nica con una prima de Carlos, a quien le dijeron que el cuerpo encontrado presenta un&nbsp;estado de descomposici\u00f3n que impide su identificaci\u00f3n&nbsp;a partir de sus rasgos f\u00edsicos, pero creen que podr\u00eda tratarse del joven porque&nbsp;una de sus prendas&nbsp;podr\u00eda guardar similitud con una que el mexicano&nbsp;vest\u00eda cuando fue visto por \u00faltima vez,&nbsp;por lo que proceder\u00edan a realizar los estudios pertinentes para determinar la identidad, as\u00ed como las causas de muerte\u201d, se\u00f1ala el comunicado.&nbsp;<\/p>\n\n\n\n<p>El padre de Carlos,\u00a0Octavio Aranda, pidi\u00f3 a la\u00a0Secretar\u00eda de Relaciones Exteriores\u00a0de M\u00e9xico que asigne a un experto en ciencias forenses para apoyar en la investigaci\u00f3n. <\/p>\n\n\n\n<p><strong><em>Fuente:<\/em> <\/strong><em>https:\/\/www.nmas.com.mx\/<\/em>                        <strong><em>Imagen: <\/em><\/strong><em>X @BCRCM<\/em><\/p>\n","protected":false},"excerpt":{"rendered":"<p>El cuerpo estar\u00eda en avanzado estado de descomposici\u00f3n, pero una de las prendas coincidir\u00eda con lo que usaba el mexicano antes de desaparecer Autoridades de&nbsp;Canad\u00e1&nbsp;encontraron un cuerpo que podr\u00eda ser el de&nbsp;Carlos Tom\u00e1s Aranda,&nbsp;el mexicano desaparecido desde el pasado 7 de julio en&nbsp;Osoyoos.&nbsp; En un comunicado, la familia del joven oaxaque\u00f1o se\u00f1al\u00f3 que este martes [&hellip;]<\/p>\n","protected":false},"author":3,"featured_media":654,"comment_status":"closed","ping_status":"closed","sticky":false,"template":"","format":"standard","meta":{"footnotes":""},"categories":[7],"tags":[],"class_list":["post-653","post","type-post","status-publish","format-standard","has-post-thumbnail","hentry","category-internacionales"],"_links":{"self":[{"href":"https:\/\/9segundos.com\/index.php?rest_route=\/wp\/v2\/posts\/653","targetHints":{"allow":["GET"]}}],"collection":[{"href":"https:\/\/9segundos.com\/index.php?rest_route=\/wp\/v2\/posts"}],"about":[{"href":"https:\/\/9segundos.com\/index.php?rest_route=\/wp\/v2\/types\/post"}],"author":[{"embeddable":true,"href":"https:\/\/9segundos.com\/index.php?rest_route=\/wp\/v2\/users\/3"}],"replies":[{"embeddable":true,"href":"https:\/\/9segundos.com\/index.php?rest_route=%2Fwp%2Fv2%2Fcomments&post=653"}],"version-history":[{"count":1,"href":"https:\/\/9segundos.com\/index.php?rest_route=\/wp\/v2\/posts\/653\/revisions"}],"predecessor-version":[{"id":655,"href":"https:\/\/9segundos.com\/index.php?rest_route=\/wp\/v2\/posts\/653\/revisions\/655"}],"wp:featuredmedia":[{"embeddable":true,"href":"https:\/\/9segundos.com\/index.php?rest_route=\/wp\/v2\/media\/654"}],"wp:attachment":[{"href":"https:\/\/9segundos.com\/index.php?rest_route=%2Fwp%2Fv2%2Fmedia&parent=653"}],"wp:term":[{"taxonomy":"category","embeddable":true,"href":"https:\/\/9segundos.com\/index.php?rest_route=%2Fwp%2Fv2%2Fcategories&post=653"},{"taxonomy":"post_tag","embeddable":true,"href":"https:\/\/9segundos.com\/index.php?rest_route=%2Fwp%2Fv2%2Ftags&post=653"}],"curies":[{"name":"wp","href":"https:\/\/api.w.org\/{rel}","templated":true}]}}