{"id":563,"date":"2023-08-14T02:09:36","date_gmt":"2023-08-14T02:09:36","guid":{"rendered":"https:\/\/9segundos.com\/?p=563"},"modified":"2023-08-14T02:09:36","modified_gmt":"2023-08-14T02:09:36","slug":"nombran-a-christian-zurita-en-lugar-de-andrea-gonzalez-para-reemplazar-al-asesinado-fernando-villavicencio-como-candidato-presidencial-de-ecuador","status":"publish","type":"post","link":"https:\/\/9segundos.com\/?p=563","title":{"rendered":"Nombran a Christian Zurita en lugar de Andrea Gonz\u00e1lez para reemplazar al asesinado Fernando Villavicencio como candidato presidencial de Ecuador"},"content":{"rendered":"\n<p><strong>El partido del candidato presidencial asesinado en Ecuador Fernando Villavicencio design\u00f3 este domingo a Christian Zurita como su reemplazo en lugar de Andrea Gonz\u00e1lez, que hab\u00eda sido elegida este s\u00e1bado.<\/strong><\/p>\n\n\n\n<p>\u00abFrente a la falta de respuestas claras del CNE (Consejo Nacional Electoral) y a la reacci\u00f3n furibunda de algunos sectores pol\u00edticos, no correremos ning\u00fan riesgo. Christian Zurita ser\u00e1 inscrito como nuestro candidato presidencial\u00bb, comunic\u00f3 Movimiento Construye.<\/p>\n\n\n\n<p>Villavicencio, un exdiputado y periodista de investigaci\u00f3n dedicado a temas de corrupci\u00f3n, fue asesinado a tiros cuando sal\u00eda de un evento de campa\u00f1a la noche del mi\u00e9rcoles 9 de agosto, a pocos d\u00edas de las elecciones.<\/p>\n\n\n\n<p>Las elecciones se celebran el domingo 20 de agosto.<\/p>\n\n\n\n<p><strong><em>Fuente: <\/em><\/strong><em>www.bbc.com       <\/em><strong><em>Imagen: <\/em><\/strong><em>www.bbc.com<\/em><\/p>\n","protected":false},"excerpt":{"rendered":"<p>El partido del candidato presidencial asesinado en Ecuador Fernando Villavicencio design\u00f3 este domingo a Christian Zurita como su reemplazo en lugar de Andrea Gonz\u00e1lez, que hab\u00eda sido elegida este s\u00e1bado. \u00abFrente a la falta de respuestas claras del CNE (Consejo Nacional Electoral) y a la reacci\u00f3n furibunda de algunos sectores pol\u00edticos, no correremos ning\u00fan riesgo. [&hellip;]<\/p>\n","protected":false},"author":3,"featured_media":564,"comment_status":"closed","ping_status":"closed","sticky":false,"template":"","format":"standard","meta":{"footnotes":""},"categories":[7,8],"tags":[],"class_list":["post-563","post","type-post","status-publish","format-standard","has-post-thumbnail","hentry","category-internacionales","category-mundo"],"_links":{"self":[{"href":"https:\/\/9segundos.com\/index.php?rest_route=\/wp\/v2\/posts\/563","targetHints":{"allow":["GET"]}}],"collection":[{"href":"https:\/\/9segundos.com\/index.php?rest_route=\/wp\/v2\/posts"}],"about":[{"href":"https:\/\/9segundos.com\/index.php?rest_route=\/wp\/v2\/types\/post"}],"author":[{"embeddable":true,"href":"https:\/\/9segundos.com\/index.php?rest_route=\/wp\/v2\/users\/3"}],"replies":[{"embeddable":true,"href":"https:\/\/9segundos.com\/index.php?rest_route=%2Fwp%2Fv2%2Fcomments&post=563"}],"version-history":[{"count":1,"href":"https:\/\/9segundos.com\/index.php?rest_route=\/wp\/v2\/posts\/563\/revisions"}],"predecessor-version":[{"id":565,"href":"https:\/\/9segundos.com\/index.php?rest_route=\/wp\/v2\/posts\/563\/revisions\/565"}],"wp:featuredmedia":[{"embeddable":true,"href":"https:\/\/9segundos.com\/index.php?rest_route=\/wp\/v2\/media\/564"}],"wp:attachment":[{"href":"https:\/\/9segundos.com\/index.php?rest_route=%2Fwp%2Fv2%2Fmedia&parent=563"}],"wp:term":[{"taxonomy":"category","embeddable":true,"href":"https:\/\/9segundos.com\/index.php?rest_route=%2Fwp%2Fv2%2Fcategories&post=563"},{"taxonomy":"post_tag","embeddable":true,"href":"https:\/\/9segundos.com\/index.php?rest_route=%2Fwp%2Fv2%2Ftags&post=563"}],"curies":[{"name":"wp","href":"https:\/\/api.w.org\/{rel}","templated":true}]}}